{"id":10920,"date":"2025-12-02T00:15:41","date_gmt":"2025-12-01T23:15:41","guid":{"rendered":"https:\/\/circulareconomyforum.at\/?p=10920"},"modified":"2025-12-02T00:33:59","modified_gmt":"2025-12-01T23:33:59","slug":"presseaussendung-circular-monday-statt-black-friday","status":"publish","type":"post","link":"https:\/\/circulareconomyforum.at\/en\/presseaussendung-circular-monday-statt-black-friday\/","title":{"rendered":"Press release: Circular Monday instead of Black Friday"},"content":{"rendered":"<p>It can be difficult to resist the temptation to buy during Black Week: many retailers tempt shoppers with \u201eamazing deals\u201c and unbelievable \u201ebargains\u201c, promising discounts of 40 per cent or more. This encourages impulse purchases and shopping sprees, which generate billions in sales for retailers. At the peak of consumption, Black Friday, shopping in Austria rises to&nbsp;<a href=\"https:\/\/europakonsument.at\/black-friday\" target=\"_blank\" rel=\"noreferrer noopener\">more than ten times as much as on other days<\/a> to.<\/p>\n\n\n\n<p>The\u00a0<em>Standard<\/em>\u00a0reports on Circular Monday as an alternative to Black Friday. The focus is not on new products, but on used goods and repairs that are recycled and offered at a discount. In addition, repair workshops are held, sharing is encouraged and the circular economy is strengthened. In this article, our board member Karin Huber-Heim talks about the importance and growing significance of the circular economy and its central pillars: reduce, reuse, recycle.<\/p>\n\n\n\n<div class=\"wp-block-buttons is-layout-flex wp-block-buttons-is-layout-flex\">\n<div class=\"wp-block-button\"><a class=\"wp-block-button__link has-background wp-element-button\" href=\"https:\/\/www.derstandard.at\/story\/3000000298009\/circular-monday-statt-black-friday-kann-reparieren-den-kaufrausch-ersetzen\" style=\"background-color:#018fba\"><strong>Click here for the article<\/strong><\/a><\/div>\n<\/div>\n\n\n\n<p><\/p>","protected":false},"excerpt":{"rendered":"<p>Es kann schwer sein, in der Black Week der Kaufversuchung zu widerstehen: Viele H\u00e4ndler locken mit &#8222;Hammerdeals&#8220; und unglaublichen &#8222;Schn\u00e4ppchen&#8220;, versprechen Rabatte von 40 Prozent oder mehr. Das f\u00f6rdert Impulsk\u00e4ufe [&hellip;]<\/p>\n","protected":false},"author":7,"featured_media":10921,"comment_status":"open","ping_status":"open","sticky":false,"template":"","format":"standard","meta":{"_acf_changed":false,"_breakdance_hide_in_design_set":false,"_breakdance_tags":"","footnotes":""},"categories":[30,1045,11,1044],"tags":[],"class_list":["post-10920","post","type-post","status-publish","format-standard","has-post-thumbnail","hentry","category-aktivitaeten","category-news","category-papers-research","category-ressourcen-downloads"],"acf":[],"yoast_head":"<!-- This site is optimized with the Yoast SEO Premium plugin v27.4 (Yoast SEO v27.4) - https:\/\/yoast.com\/product\/yoast-seo-premium-wordpress\/ -->\n<title>Presseaussendung: Circular Monday statt Black Friday - Circular Economy Forum Austria<\/title>\n<meta name=\"robots\" content=\"index, follow, max-snippet:-1, max-image-preview:large, max-video-preview:-1\" \/>\n<link rel=\"canonical\" href=\"https:\/\/circulareconomyforum.at\/en\/presseaussendung-circular-monday-statt-black-friday\/\" \/>\n<meta property=\"og:locale\" content=\"en_GB\" \/>\n<meta property=\"og:type\" content=\"article\" \/>\n<meta property=\"og:title\" content=\"Presseaussendung: Circular Monday statt Black Friday\" \/>\n<meta property=\"og:description\" content=\"Es kann schwer sein, in der Black Week der Kaufversuchung zu widerstehen: Viele H\u00e4ndler locken mit &#8222;Hammerdeals&#8220; und unglaublichen &#8222;Schn\u00e4ppchen&#8220;, versprechen Rabatte von 40 Prozent oder mehr. Das f\u00f6rdert Impulsk\u00e4ufe [&hellip;]\" \/>\n<meta property=\"og:url\" content=\"https:\/\/circulareconomyforum.at\/en\/presseaussendung-circular-monday-statt-black-friday\/\" \/>\n<meta property=\"og:site_name\" content=\"Circular Economy Forum Austria\" \/>\n<meta property=\"article:published_time\" content=\"2025-12-01T23:15:41+00:00\" \/>\n<meta property=\"article:modified_time\" content=\"2025-12-01T23:33:59+00:00\" \/>\n<meta property=\"og:image\" content=\"https:\/\/circulareconomyforum.at\/wp-content\/uploads\/2025\/12\/Titelbilder-Ressourcen-Downloads-51.png\" \/>\n\t<meta property=\"og:image:width\" content=\"1920\" \/>\n\t<meta property=\"og:image:height\" content=\"1080\" \/>\n\t<meta property=\"og:image:type\" content=\"image\/png\" \/>\n<meta name=\"author\" content=\"ftrinco\" \/>\n<meta name=\"twitter:card\" content=\"summary_large_image\" \/>\n<script type=\"application\/ld+json\" class=\"yoast-schema-graph\">{\"@context\":\"https:\\\/\\\/schema.org\",\"@graph\":[{\"@type\":\"Article\",\"@id\":\"https:\\\/\\\/circulareconomyforum.at\\\/presseaussendung-circular-monday-statt-black-friday\\\/#article\",\"isPartOf\":{\"@id\":\"https:\\\/\\\/circulareconomyforum.at\\\/presseaussendung-circular-monday-statt-black-friday\\\/\"},\"author\":{\"name\":\"ftrinco\",\"@id\":\"https:\\\/\\\/circulareconomyforum.at\\\/#\\\/schema\\\/person\\\/267f9384e7adc34f9cfdf03188b9817c\"},\"headline\":\"Presseaussendung: Circular Monday statt Black Friday\",\"datePublished\":\"2025-12-01T23:15:41+00:00\",\"dateModified\":\"2025-12-01T23:33:59+00:00\",\"mainEntityOfPage\":{\"@id\":\"https:\\\/\\\/circulareconomyforum.at\\\/presseaussendung-circular-monday-statt-black-friday\\\/\"},\"wordCount\":147,\"commentCount\":0,\"image\":{\"@id\":\"https:\\\/\\\/circulareconomyforum.at\\\/presseaussendung-circular-monday-statt-black-friday\\\/#primaryimage\"},\"thumbnailUrl\":\"https:\\\/\\\/circulareconomyforum.at\\\/wp-content\\\/uploads\\\/2025\\\/12\\\/Titelbilder-Ressourcen-Downloads-51.png\",\"articleSection\":[\"Aktivit\u00e4ten\",\"News\",\"Papers &amp; Research\",\"Ressourcen &amp; Downloads\"],\"inLanguage\":\"en-GB\",\"potentialAction\":[{\"@type\":\"CommentAction\",\"name\":\"Comment\",\"target\":[\"https:\\\/\\\/circulareconomyforum.at\\\/presseaussendung-circular-monday-statt-black-friday\\\/#respond\"]}]},{\"@type\":\"WebPage\",\"@id\":\"https:\\\/\\\/circulareconomyforum.at\\\/presseaussendung-circular-monday-statt-black-friday\\\/\",\"url\":\"https:\\\/\\\/circulareconomyforum.at\\\/presseaussendung-circular-monday-statt-black-friday\\\/\",\"name\":\"Presseaussendung: Circular Monday statt Black Friday - Circular Economy Forum Austria\",\"isPartOf\":{\"@id\":\"https:\\\/\\\/circulareconomyforum.at\\\/#website\"},\"primaryImageOfPage\":{\"@id\":\"https:\\\/\\\/circulareconomyforum.at\\\/presseaussendung-circular-monday-statt-black-friday\\\/#primaryimage\"},\"image\":{\"@id\":\"https:\\\/\\\/circulareconomyforum.at\\\/presseaussendung-circular-monday-statt-black-friday\\\/#primaryimage\"},\"thumbnailUrl\":\"https:\\\/\\\/circulareconomyforum.at\\\/wp-content\\\/uploads\\\/2025\\\/12\\\/Titelbilder-Ressourcen-Downloads-51.png\",\"datePublished\":\"2025-12-01T23:15:41+00:00\",\"dateModified\":\"2025-12-01T23:33:59+00:00\",\"author\":{\"@id\":\"https:\\\/\\\/circulareconomyforum.at\\\/#\\\/schema\\\/person\\\/267f9384e7adc34f9cfdf03188b9817c\"},\"breadcrumb\":{\"@id\":\"https:\\\/\\\/circulareconomyforum.at\\\/presseaussendung-circular-monday-statt-black-friday\\\/#breadcrumb\"},\"inLanguage\":\"en-GB\",\"potentialAction\":[{\"@type\":\"ReadAction\",\"target\":[\"https:\\\/\\\/circulareconomyforum.at\\\/presseaussendung-circular-monday-statt-black-friday\\\/\"]}]},{\"@type\":\"ImageObject\",\"inLanguage\":\"en-GB\",\"@id\":\"https:\\\/\\\/circulareconomyforum.at\\\/presseaussendung-circular-monday-statt-black-friday\\\/#primaryimage\",\"url\":\"https:\\\/\\\/circulareconomyforum.at\\\/wp-content\\\/uploads\\\/2025\\\/12\\\/Titelbilder-Ressourcen-Downloads-51.png\",\"contentUrl\":\"https:\\\/\\\/circulareconomyforum.at\\\/wp-content\\\/uploads\\\/2025\\\/12\\\/Titelbilder-Ressourcen-Downloads-51.png\",\"width\":1920,\"height\":1080},{\"@type\":\"BreadcrumbList\",\"@id\":\"https:\\\/\\\/circulareconomyforum.at\\\/presseaussendung-circular-monday-statt-black-friday\\\/#breadcrumb\",\"itemListElement\":[{\"@type\":\"ListItem\",\"position\":1,\"name\":\"Startseite\",\"item\":\"https:\\\/\\\/circulareconomyforum.at\\\/\"},{\"@type\":\"ListItem\",\"position\":2,\"name\":\"Presseaussendung: Circular Monday statt Black Friday\"}]},{\"@type\":\"WebSite\",\"@id\":\"https:\\\/\\\/circulareconomyforum.at\\\/#website\",\"url\":\"https:\\\/\\\/circulareconomyforum.at\\\/\",\"name\":\"Circular Economy Forum Austria\",\"description\":\"\",\"potentialAction\":[{\"@type\":\"SearchAction\",\"target\":{\"@type\":\"EntryPoint\",\"urlTemplate\":\"https:\\\/\\\/circulareconomyforum.at\\\/?s={search_term_string}\"},\"query-input\":{\"@type\":\"PropertyValueSpecification\",\"valueRequired\":true,\"valueName\":\"search_term_string\"}}],\"inLanguage\":\"en-GB\"},{\"@type\":\"Person\",\"@id\":\"https:\\\/\\\/circulareconomyforum.at\\\/#\\\/schema\\\/person\\\/267f9384e7adc34f9cfdf03188b9817c\",\"name\":\"ftrinco\",\"image\":{\"@type\":\"ImageObject\",\"inLanguage\":\"en-GB\",\"@id\":\"https:\\\/\\\/secure.gravatar.com\\\/avatar\\\/efaf43eb70444d5e35d3bf279999f7faa9dd60f5fc0be771fec6efe8c9e0c36b?s=96&d=mm&r=g\",\"url\":\"https:\\\/\\\/secure.gravatar.com\\\/avatar\\\/efaf43eb70444d5e35d3bf279999f7faa9dd60f5fc0be771fec6efe8c9e0c36b?s=96&d=mm&r=g\",\"contentUrl\":\"https:\\\/\\\/secure.gravatar.com\\\/avatar\\\/efaf43eb70444d5e35d3bf279999f7faa9dd60f5fc0be771fec6efe8c9e0c36b?s=96&d=mm&r=g\",\"caption\":\"ftrinco\"},\"url\":\"https:\\\/\\\/circulareconomyforum.at\\\/en\\\/author\\\/ftrinco\\\/\"}]}<\/script>\n<!-- \/ Yoast SEO Premium plugin. -->","yoast_head_json":{"title":"Presseaussendung: Circular Monday statt Black Friday - Circular Economy Forum Austria","robots":{"index":"index","follow":"follow","max-snippet":"max-snippet:-1","max-image-preview":"max-image-preview:large","max-video-preview":"max-video-preview:-1"},"canonical":"https:\/\/circulareconomyforum.at\/en\/presseaussendung-circular-monday-statt-black-friday\/","og_locale":"en_GB","og_type":"article","og_title":"Presseaussendung: Circular Monday statt Black Friday","og_description":"Es kann schwer sein, in der Black Week der Kaufversuchung zu widerstehen: Viele H\u00e4ndler locken mit &#8222;Hammerdeals&#8220; und unglaublichen &#8222;Schn\u00e4ppchen&#8220;, versprechen Rabatte von 40 Prozent oder mehr. Das f\u00f6rdert Impulsk\u00e4ufe [&hellip;]","og_url":"https:\/\/circulareconomyforum.at\/en\/presseaussendung-circular-monday-statt-black-friday\/","og_site_name":"Circular Economy Forum Austria","article_published_time":"2025-12-01T23:15:41+00:00","article_modified_time":"2025-12-01T23:33:59+00:00","og_image":[{"width":1920,"height":1080,"url":"https:\/\/circulareconomyforum.at\/wp-content\/uploads\/2025\/12\/Titelbilder-Ressourcen-Downloads-51.png","type":"image\/png"}],"author":"ftrinco","twitter_card":"summary_large_image","schema":{"@context":"https:\/\/schema.org","@graph":[{"@type":"Article","@id":"https:\/\/circulareconomyforum.at\/presseaussendung-circular-monday-statt-black-friday\/#article","isPartOf":{"@id":"https:\/\/circulareconomyforum.at\/presseaussendung-circular-monday-statt-black-friday\/"},"author":{"name":"ftrinco","@id":"https:\/\/circulareconomyforum.at\/#\/schema\/person\/267f9384e7adc34f9cfdf03188b9817c"},"headline":"Presseaussendung: Circular Monday statt Black Friday","datePublished":"2025-12-01T23:15:41+00:00","dateModified":"2025-12-01T23:33:59+00:00","mainEntityOfPage":{"@id":"https:\/\/circulareconomyforum.at\/presseaussendung-circular-monday-statt-black-friday\/"},"wordCount":147,"commentCount":0,"image":{"@id":"https:\/\/circulareconomyforum.at\/presseaussendung-circular-monday-statt-black-friday\/#primaryimage"},"thumbnailUrl":"https:\/\/circulareconomyforum.at\/wp-content\/uploads\/2025\/12\/Titelbilder-Ressourcen-Downloads-51.png","articleSection":["Aktivit\u00e4ten","News","Papers &amp; Research","Ressourcen &amp; Downloads"],"inLanguage":"en-GB","potentialAction":[{"@type":"CommentAction","name":"Comment","target":["https:\/\/circulareconomyforum.at\/presseaussendung-circular-monday-statt-black-friday\/#respond"]}]},{"@type":"WebPage","@id":"https:\/\/circulareconomyforum.at\/presseaussendung-circular-monday-statt-black-friday\/","url":"https:\/\/circulareconomyforum.at\/presseaussendung-circular-monday-statt-black-friday\/","name":"Presseaussendung: Circular Monday statt Black Friday - Circular Economy Forum Austria","isPartOf":{"@id":"https:\/\/circulareconomyforum.at\/#website"},"primaryImageOfPage":{"@id":"https:\/\/circulareconomyforum.at\/presseaussendung-circular-monday-statt-black-friday\/#primaryimage"},"image":{"@id":"https:\/\/circulareconomyforum.at\/presseaussendung-circular-monday-statt-black-friday\/#primaryimage"},"thumbnailUrl":"https:\/\/circulareconomyforum.at\/wp-content\/uploads\/2025\/12\/Titelbilder-Ressourcen-Downloads-51.png","datePublished":"2025-12-01T23:15:41+00:00","dateModified":"2025-12-01T23:33:59+00:00","author":{"@id":"https:\/\/circulareconomyforum.at\/#\/schema\/person\/267f9384e7adc34f9cfdf03188b9817c"},"breadcrumb":{"@id":"https:\/\/circulareconomyforum.at\/presseaussendung-circular-monday-statt-black-friday\/#breadcrumb"},"inLanguage":"en-GB","potentialAction":[{"@type":"ReadAction","target":["https:\/\/circulareconomyforum.at\/presseaussendung-circular-monday-statt-black-friday\/"]}]},{"@type":"ImageObject","inLanguage":"en-GB","@id":"https:\/\/circulareconomyforum.at\/presseaussendung-circular-monday-statt-black-friday\/#primaryimage","url":"https:\/\/circulareconomyforum.at\/wp-content\/uploads\/2025\/12\/Titelbilder-Ressourcen-Downloads-51.png","contentUrl":"https:\/\/circulareconomyforum.at\/wp-content\/uploads\/2025\/12\/Titelbilder-Ressourcen-Downloads-51.png","width":1920,"height":1080},{"@type":"BreadcrumbList","@id":"https:\/\/circulareconomyforum.at\/presseaussendung-circular-monday-statt-black-friday\/#breadcrumb","itemListElement":[{"@type":"ListItem","position":1,"name":"Startseite","item":"https:\/\/circulareconomyforum.at\/"},{"@type":"ListItem","position":2,"name":"Presseaussendung: Circular Monday statt Black Friday"}]},{"@type":"WebSite","@id":"https:\/\/circulareconomyforum.at\/#website","url":"https:\/\/circulareconomyforum.at\/","name":"Circular Economy Forum Austria","description":"","potentialAction":[{"@type":"SearchAction","target":{"@type":"EntryPoint","urlTemplate":"https:\/\/circulareconomyforum.at\/?s={search_term_string}"},"query-input":{"@type":"PropertyValueSpecification","valueRequired":true,"valueName":"search_term_string"}}],"inLanguage":"en-GB"},{"@type":"Person","@id":"https:\/\/circulareconomyforum.at\/#\/schema\/person\/267f9384e7adc34f9cfdf03188b9817c","name":"ftrinco","image":{"@type":"ImageObject","inLanguage":"en-GB","@id":"https:\/\/secure.gravatar.com\/avatar\/efaf43eb70444d5e35d3bf279999f7faa9dd60f5fc0be771fec6efe8c9e0c36b?s=96&d=mm&r=g","url":"https:\/\/secure.gravatar.com\/avatar\/efaf43eb70444d5e35d3bf279999f7faa9dd60f5fc0be771fec6efe8c9e0c36b?s=96&d=mm&r=g","contentUrl":"https:\/\/secure.gravatar.com\/avatar\/efaf43eb70444d5e35d3bf279999f7faa9dd60f5fc0be771fec6efe8c9e0c36b?s=96&d=mm&r=g","caption":"ftrinco"},"url":"https:\/\/circulareconomyforum.at\/en\/author\/ftrinco\/"}]}},"_links":{"self":[{"href":"https:\/\/circulareconomyforum.at\/en\/wp-json\/wp\/v2\/posts\/10920","targetHints":{"allow":["GET"]}}],"collection":[{"href":"https:\/\/circulareconomyforum.at\/en\/wp-json\/wp\/v2\/posts"}],"about":[{"href":"https:\/\/circulareconomyforum.at\/en\/wp-json\/wp\/v2\/types\/post"}],"author":[{"embeddable":true,"href":"https:\/\/circulareconomyforum.at\/en\/wp-json\/wp\/v2\/users\/7"}],"replies":[{"embeddable":true,"href":"https:\/\/circulareconomyforum.at\/en\/wp-json\/wp\/v2\/comments?post=10920"}],"version-history":[{"count":0,"href":"https:\/\/circulareconomyforum.at\/en\/wp-json\/wp\/v2\/posts\/10920\/revisions"}],"wp:featuredmedia":[{"embeddable":true,"href":"https:\/\/circulareconomyforum.at\/en\/wp-json\/wp\/v2\/media\/10921"}],"wp:attachment":[{"href":"https:\/\/circulareconomyforum.at\/en\/wp-json\/wp\/v2\/media?parent=10920"}],"wp:term":[{"taxonomy":"category","embeddable":true,"href":"https:\/\/circulareconomyforum.at\/en\/wp-json\/wp\/v2\/categories?post=10920"},{"taxonomy":"post_tag","embeddable":true,"href":"https:\/\/circulareconomyforum.at\/en\/wp-json\/wp\/v2\/tags?post=10920"}],"curies":[{"name":"wp","href":"https:\/\/api.w.org\/{rel}","templated":true}]}}